{"id":2483,"date":"2026-03-16T18:22:56","date_gmt":"2026-03-16T16:22:56","guid":{"rendered":"https:\/\/el-obrador.com\/los-dias-azules-guanya-dues-bazingas-en-el-festival-de-cinema-de-malaga\/"},"modified":"2026-04-09T09:21:44","modified_gmt":"2026-04-09T07:21:44","slug":"los-dias-azules-guanya-dues-biznagas-en-el-festival-de-cinema-de-malaga","status":"publish","type":"post","link":"https:\/\/el-obrador.com\/ca\/los-dias-azules-guanya-dues-biznagas-en-el-festival-de-cinema-de-malaga\/","title":{"rendered":"Los d\u00edas azules guanya dues Biznagas al Festival de Cinema de M\u00e0laga"},"content":{"rendered":"\n<p><\/p>\n\n<p>L&#8217;estrena del curtmetratge de Javier Garc\u00eda Ler\u00edn a M\u00e0laga ens va deixar dues grates sorpreses. La pel\u00b7l\u00edcula va ser premiada en dues categories:  <\/p>\n\n<p>&#8211; <strong>Biznaga de Plata a millor curtmetratge documental<\/strong><br\/>&#8211; <strong>Biznaga de Plata al premi del p\u00fablic a millor curtmetratge documental<\/strong><br\/><\/p>\n\n<p>A la cerim\u00f2nia compartim alegria amb els nostres companys del Documental La Carn que tamb\u00e9 van guanyar premi a la secci\u00f3 Zonazine.<\/p>\n\n<p>No podem estar m\u00e9s feli\u00e7os per aquest reconeixement!<\/p>\n\n<figure class=\"wp-block-image size-full\"><img fetchpriority=\"high\" decoding=\"async\" width=\"900\" height=\"1200\" src=\"https:\/\/el-obrador.com\/wp-content\/uploads\/2026\/03\/WhatsApp-Image-2026-03-14-at-14.36.46.jpeg\" alt=\"\" class=\"wp-image-2478\" srcset=\"https:\/\/el-obrador.com\/wp-content\/uploads\/2026\/03\/WhatsApp-Image-2026-03-14-at-14.36.46.jpeg 900w, https:\/\/el-obrador.com\/wp-content\/uploads\/2026\/03\/WhatsApp-Image-2026-03-14-at-14.36.46-225x300.jpeg 225w, https:\/\/el-obrador.com\/wp-content\/uploads\/2026\/03\/WhatsApp-Image-2026-03-14-at-14.36.46-800x1067.jpeg 800w\" sizes=\"(max-width: 900px) 100vw, 900px\" \/><\/figure>\n","protected":false},"excerpt":{"rendered":"<p>L&#8217;estrena del curtmetratge de Javier Garc\u00eda Ler\u00edn a M\u00e0laga ens va deixar dues grates sorpreses. La pel\u00b7l\u00edcula va ser premiada en dues categories: &#8211; Biznaga de Plata a millor curtmetratge documental&#8211; Biznaga de Plata al premi del p\u00fablic a millor curtmetratge documental A la cerim\u00f2nia compartim alegria amb els nostres companys del Documental La Carn [&hellip;]<\/p>\n","protected":false},"author":25,"featured_media":2482,"comment_status":"closed","ping_status":"closed","sticky":false,"template":"","format":"standard","meta":{"footnotes":""},"categories":[35],"tags":[],"class_list":["post-2483","post","type-post","status-publish","format-standard","has-post-thumbnail","hentry","category-sense-categoritzar"],"_links":{"self":[{"href":"https:\/\/el-obrador.com\/ca\/wp-json\/wp\/v2\/posts\/2483","targetHints":{"allow":["GET"]}}],"collection":[{"href":"https:\/\/el-obrador.com\/ca\/wp-json\/wp\/v2\/posts"}],"about":[{"href":"https:\/\/el-obrador.com\/ca\/wp-json\/wp\/v2\/types\/post"}],"author":[{"embeddable":true,"href":"https:\/\/el-obrador.com\/ca\/wp-json\/wp\/v2\/users\/25"}],"replies":[{"embeddable":true,"href":"https:\/\/el-obrador.com\/ca\/wp-json\/wp\/v2\/comments?post=2483"}],"version-history":[{"count":1,"href":"https:\/\/el-obrador.com\/ca\/wp-json\/wp\/v2\/posts\/2483\/revisions"}],"predecessor-version":[{"id":2728,"href":"https:\/\/el-obrador.com\/ca\/wp-json\/wp\/v2\/posts\/2483\/revisions\/2728"}],"wp:featuredmedia":[{"embeddable":true,"href":"https:\/\/el-obrador.com\/ca\/wp-json\/wp\/v2\/media\/2482"}],"wp:attachment":[{"href":"https:\/\/el-obrador.com\/ca\/wp-json\/wp\/v2\/media?parent=2483"}],"wp:term":[{"taxonomy":"category","embeddable":true,"href":"https:\/\/el-obrador.com\/ca\/wp-json\/wp\/v2\/categories?post=2483"},{"taxonomy":"post_tag","embeddable":true,"href":"https:\/\/el-obrador.com\/ca\/wp-json\/wp\/v2\/tags?post=2483"}],"curies":[{"name":"wp","href":"https:\/\/api.w.org\/{rel}","templated":true}]}}