{"id":2449,"date":"2026-03-11T16:49:00","date_gmt":"2026-03-11T14:49:00","guid":{"rendered":"https:\/\/el-obrador.com\/estrenem-los-dias-azules-en-el-festival-de-malaga\/"},"modified":"2026-03-25T13:56:42","modified_gmt":"2026-03-25T11:56:42","slug":"estrenem-los-dias-azules-en-el-festival-de-malaga","status":"publish","type":"post","link":"https:\/\/el-obrador.com\/ca\/estrenem-los-dias-azules-en-el-festival-de-malaga\/","title":{"rendered":"Estrenem Los d\u00edas azules al Festival de M\u00e0laga"},"content":{"rendered":"\n<p>Ahir, dimarts 10 de mar\u00e7, vam estrenar Los d\u00edas azules a la Secci\u00f3 Oficial de Curtmetratges Documentals del Festival de M\u00e0laga.<br\/>El curtmetratge es va presentar amb la pres\u00e8ncia del director Javier Garcia Ler\u00edn, la fam\u00edlia i el productor Jaime Muguruza, en una sala plena.<br\/>Moltes gr\u00e0cies a tots els que us vau acostar a viure aquest moment tan especial amb nosaltres.<\/p>\n\n<figure class=\"wp-block-gallery has-nested-images columns-2 is-cropped wp-block-gallery-1 is-layout-flex wp-block-gallery-is-layout-flex\" style=\"border-style:none;border-width:0px;border-radius:0px\">\n<figure class=\"wp-block-image size-medium\"><img fetchpriority=\"high\" decoding=\"async\" width=\"300\" height=\"200\" data-id=\"2434\" src=\"https:\/\/el-obrador.com\/wp-content\/uploads\/2026\/03\/LOS-DIAS-AZULES-01_low-2-300x200.jpg\" alt=\"\" class=\"wp-image-2434\" srcset=\"https:\/\/el-obrador.com\/wp-content\/uploads\/2026\/03\/LOS-DIAS-AZULES-01_low-2-300x200.jpg 300w, https:\/\/el-obrador.com\/wp-content\/uploads\/2026\/03\/LOS-DIAS-AZULES-01_low-2-800x533.jpg 800w, https:\/\/el-obrador.com\/wp-content\/uploads\/2026\/03\/LOS-DIAS-AZULES-01_low-2-900x600.jpg 900w, https:\/\/el-obrador.com\/wp-content\/uploads\/2026\/03\/LOS-DIAS-AZULES-01_low-2.jpg 1800w\" sizes=\"(max-width: 300px) 100vw, 300px\" \/><\/figure>\n\n\n\n<figure class=\"wp-block-image size-medium\"><img decoding=\"async\" width=\"300\" height=\"200\" data-id=\"2435\" src=\"https:\/\/el-obrador.com\/wp-content\/uploads\/2026\/03\/LOS-DIAS-AZULES-04_low-300x200.jpg\" alt=\"\" class=\"wp-image-2435\" srcset=\"https:\/\/el-obrador.com\/wp-content\/uploads\/2026\/03\/LOS-DIAS-AZULES-04_low-300x200.jpg 300w, https:\/\/el-obrador.com\/wp-content\/uploads\/2026\/03\/LOS-DIAS-AZULES-04_low-800x533.jpg 800w, https:\/\/el-obrador.com\/wp-content\/uploads\/2026\/03\/LOS-DIAS-AZULES-04_low-900x600.jpg 900w, https:\/\/el-obrador.com\/wp-content\/uploads\/2026\/03\/LOS-DIAS-AZULES-04_low.jpg 1800w\" sizes=\"(max-width: 300px) 100vw, 300px\" \/><\/figure>\n<\/figure>\n\n<figure class=\"wp-block-image size-large is-style-default\"><img decoding=\"async\" width=\"1779\" height=\"1200\" src=\"https:\/\/el-obrador.com\/wp-content\/uploads\/2026\/03\/LOS-DIAS-AZULES-12_low.jpg\" alt=\"\" class=\"wp-image-2442\" srcset=\"https:\/\/el-obrador.com\/wp-content\/uploads\/2026\/03\/LOS-DIAS-AZULES-12_low.jpg 1779w, https:\/\/el-obrador.com\/wp-content\/uploads\/2026\/03\/LOS-DIAS-AZULES-12_low-300x202.jpg 300w, https:\/\/el-obrador.com\/wp-content\/uploads\/2026\/03\/LOS-DIAS-AZULES-12_low-800x540.jpg 800w\" sizes=\"(max-width: 1779px) 100vw, 1779px\" \/><\/figure>\n\n<p><\/p>\n\n<p><\/p>\n","protected":false},"excerpt":{"rendered":"<p>Ahir, dimarts 10 de mar\u00e7, vam estrenar Los d\u00edas azules a la Secci\u00f3 Oficial de Curtmetratges Documentals del Festival de M\u00e0laga.El curtmetratge es va presentar amb la pres\u00e8ncia del director Javier Garcia Ler\u00edn, la fam\u00edlia i el productor Jaime Muguruza, en una sala plena.Moltes gr\u00e0cies a tots els que us vau acostar a viure aquest [&hellip;]<\/p>\n","protected":false},"author":25,"featured_media":2448,"comment_status":"closed","ping_status":"closed","sticky":false,"template":"","format":"standard","meta":{"footnotes":""},"categories":[35],"tags":[],"class_list":["post-2449","post","type-post","status-publish","format-standard","has-post-thumbnail","hentry","category-sense-categoritzar"],"_links":{"self":[{"href":"https:\/\/el-obrador.com\/ca\/wp-json\/wp\/v2\/posts\/2449","targetHints":{"allow":["GET"]}}],"collection":[{"href":"https:\/\/el-obrador.com\/ca\/wp-json\/wp\/v2\/posts"}],"about":[{"href":"https:\/\/el-obrador.com\/ca\/wp-json\/wp\/v2\/types\/post"}],"author":[{"embeddable":true,"href":"https:\/\/el-obrador.com\/ca\/wp-json\/wp\/v2\/users\/25"}],"replies":[{"embeddable":true,"href":"https:\/\/el-obrador.com\/ca\/wp-json\/wp\/v2\/comments?post=2449"}],"version-history":[{"count":0,"href":"https:\/\/el-obrador.com\/ca\/wp-json\/wp\/v2\/posts\/2449\/revisions"}],"wp:featuredmedia":[{"embeddable":true,"href":"https:\/\/el-obrador.com\/ca\/wp-json\/wp\/v2\/media\/2448"}],"wp:attachment":[{"href":"https:\/\/el-obrador.com\/ca\/wp-json\/wp\/v2\/media?parent=2449"}],"wp:term":[{"taxonomy":"category","embeddable":true,"href":"https:\/\/el-obrador.com\/ca\/wp-json\/wp\/v2\/categories?post=2449"},{"taxonomy":"post_tag","embeddable":true,"href":"https:\/\/el-obrador.com\/ca\/wp-json\/wp\/v2\/tags?post=2449"}],"curies":[{"name":"wp","href":"https:\/\/api.w.org\/{rel}","templated":true}]}}